{"id":10475,"date":"2012-02-22T17:14:24","date_gmt":"2012-02-22T20:14:24","guid":{"rendered":"http:\/\/www.encontrabrooklin.com.br\/blog\/?p=10475"},"modified":"2019-04-29T16:54:01","modified_gmt":"2019-04-29T19:54:01","slug":"pascoa-loja-da-ofner-no-brooklin-recebe-curriculos-para-vagas-de-emprego-temporarias","status":"publish","type":"post","link":"https:\/\/www.encontrabrooklin.com.br\/sobre\/pascoa-loja-da-ofner-no-brooklin-recebe-curriculos-para-vagas-de-emprego-temporarias\/","title":{"rendered":"P\u00e1scoa: loja da Ofner no Brooklin recebe curr\u00edculos para vagas de emprego tempor\u00e1rias"},"content":{"rendered":"<div class=\"20a438bb5a5dc2616716df02ed0c3553\" data-index=\"1\" style=\"float: left; margin: 15px 15px 15px 0;\">\n<!-- EBR \/Novo-Bairro\/ 300x250 - pub-85 -->\r\n<ins class=\"adsbygoogle\"\r\n     style=\"display:inline-block;width:300px;height:250px\"\r\n     data-ad-client=\"ca-pub-8585364105181520\"\r\n     data-ad-slot=\"4691134188\"><\/ins>\r\n<script>\r\n(adsbygoogle = window.adsbygoogle || []).push({});\r\n<\/script>\r\n\n<\/div>\n<p>A Ofner j\u00e1 iniciou a produ\u00e7\u00e3o especial para o per\u00edodo de P\u00e1scoa e para atender \u00e0 demanda de produ\u00e7\u00e3o ir\u00e1 contratar 180 colaboradores tempor\u00e1rios na linha de produ\u00e7\u00e3o na f\u00e1brica e outros setores.<\/p>\n<p>Os contratados pela rede ser\u00e3o distribu\u00eddos entre a linha de produ\u00e7\u00e3o na f\u00e1brica, log\u00edstica, call center e atendimento nas lojas da rede.<\/p>\n<p>As inscri\u00e7\u00f5es podem ser feitas pelo site ofner.com.br ou na unidade abaixo:<\/p>\n<p>Berrini<br \/>\nAv. das Na\u00e7\u00f5es Unidas, 12495 &#8211; bairro Brooklin<br \/>\nS\u00e3o Paulo &#8211; SP<br \/>\nTelefones: (11) 5103-0485 e (11) 5103-3081<\/p>\n<p><em>Fonte: G1<\/em><\/p>\n\n<div style=\"font-size: 0px; height: 0px; line-height: 0px; margin: 0; padding: 0; clear: both;\"><\/div>","protected":false},"excerpt":{"rendered":"<p>A Ofner j\u00e1 iniciou a produ\u00e7\u00e3o especial para o per\u00edodo de P\u00e1scoa e para atender \u00e0 demanda de produ\u00e7\u00e3o ir\u00e1 contratar 180 colaboradores tempor\u00e1rios na linha de produ\u00e7\u00e3o na f\u00e1brica e outros setores. Os contratados pela rede ser\u00e3o distribu\u00eddos entre a linha de produ\u00e7\u00e3o na f\u00e1brica, log\u00edstica, call center e atendimento nas lojas da rede. As inscri\u00e7\u00f5es podem ser feitas pelo site ofner.com.br ou na unidade abaixo: Berrini Av. das Na\u00e7\u00f5es Unidas, 12495 &#8211; bairro Brooklin S\u00e3o Paulo &#8211; SP Telefones: (11) 5103-0485 e (11) 5103-3081 Fonte: G1<\/p>\n","protected":false},"author":1,"featured_media":0,"comment_status":"open","ping_status":"closed","sticky":false,"template":"","format":"standard","meta":{"footnotes":""},"categories":[540],"tags":[4],"class_list":["post-10475","post","type-post","status-publish","format-standard","hentry","category-empregos-no-brooklin","tag-brooklin"],"aioseo_notices":[],"_links":{"self":[{"href":"https:\/\/www.encontrabrooklin.com.br\/sobre\/wp-json\/wp\/v2\/posts\/10475","targetHints":{"allow":["GET"]}}],"collection":[{"href":"https:\/\/www.encontrabrooklin.com.br\/sobre\/wp-json\/wp\/v2\/posts"}],"about":[{"href":"https:\/\/www.encontrabrooklin.com.br\/sobre\/wp-json\/wp\/v2\/types\/post"}],"author":[{"embeddable":true,"href":"https:\/\/www.encontrabrooklin.com.br\/sobre\/wp-json\/wp\/v2\/users\/1"}],"replies":[{"embeddable":true,"href":"https:\/\/www.encontrabrooklin.com.br\/sobre\/wp-json\/wp\/v2\/comments?post=10475"}],"version-history":[{"count":0,"href":"https:\/\/www.encontrabrooklin.com.br\/sobre\/wp-json\/wp\/v2\/posts\/10475\/revisions"}],"wp:attachment":[{"href":"https:\/\/www.encontrabrooklin.com.br\/sobre\/wp-json\/wp\/v2\/media?parent=10475"}],"wp:term":[{"taxonomy":"category","embeddable":true,"href":"https:\/\/www.encontrabrooklin.com.br\/sobre\/wp-json\/wp\/v2\/categories?post=10475"},{"taxonomy":"post_tag","embeddable":true,"href":"https:\/\/www.encontrabrooklin.com.br\/sobre\/wp-json\/wp\/v2\/tags?post=10475"}],"curies":[{"name":"wp","href":"https:\/\/api.w.org\/{rel}","templated":true}]}}