{"id":114,"date":"2010-09-22T17:39:12","date_gmt":"2010-09-22T20:39:12","guid":{"rendered":"http:\/\/www.encontrabrooklin.com.br\/blog\/?p=114"},"modified":"2019-04-29T16:55:18","modified_gmt":"2019-04-29T19:55:18","slug":"brooklin-recebe-encontro-de-tecnologia-voltado-a-pessoas-com-deficiencia","status":"publish","type":"post","link":"https:\/\/www.encontrabrooklin.com.br\/sobre\/brooklin-recebe-encontro-de-tecnologia-voltado-a-pessoas-com-deficiencia\/","title":{"rendered":"Brooklin recebe encontro de tecnologia voltado a pessoas com defici\u00eancia"},"content":{"rendered":"<div class=\"20a438bb5a5dc2616716df02ed0c3553\" data-index=\"1\" style=\"float: left; margin: 15px 15px 15px 0;\">\n<!-- EBR \/Novo-Bairro\/ 300x250 - pub-85 -->\r\n<ins class=\"adsbygoogle\"\r\n     style=\"display:inline-block;width:300px;height:250px\"\r\n     data-ad-client=\"ca-pub-8585364105181520\"\r\n     data-ad-slot=\"4691134188\"><\/ins>\r\n<script>\r\n(adsbygoogle = window.adsbygoogle || []).push({});\r\n<\/script>\r\n\n<\/div>\n<p>A marca do Encontro Internacional de Tecnologia e Inova\u00e7\u00e3o para Pessoas com Defici\u00eancia, que este ano chega \u00e0 sua segunda edi\u00e7\u00e3o, \u00e9 a organiza\u00e7\u00e3o, coordena\u00e7\u00e3o e realiza\u00e7\u00e3o de atividades voltadas \u00e0 difus\u00e3o de ajudas t\u00e9cnicas para a melhoria da qualidade de vida da popula\u00e7\u00e3o.<\/p>\n<p>Como na edi\u00e7\u00e3o anterior, o encontro conta com profissionais renomados das \u00e1reas de Tecnologia Assistiva, de institui\u00e7\u00f5es, universidades, centros e laborat\u00f3rios de pesquisas, bem como de empresas nacionais e internacionais, e representantes do poder p\u00fablico, para juntos discutirem os avan\u00e7os da tecnologia e inova\u00e7\u00e3o.<\/p>\n<p>O Segundo Encontro Internacional, realizado no Brooklin Novo, ser\u00e1 composto pelo: Semin\u00e1rio Internacional de Tecnologia e Inova\u00e7\u00e3o para Pessoas com Defici\u00eancia de 21 a 23 de outubro de 2010. E a Exposi\u00e7\u00e3o de Inova\u00e7\u00e3o em Ajudas T\u00e9cnicas de 21 a 24 de outubro de 2010.<\/p>\n<p>O evento ser\u00e1 realizado no Hotel Sheraton WTC, localizado na Avenida das Na\u00e7\u00f5es Unidas, 12.551, em\u00a0S\u00e3o Paulo.<\/p>\n<p>Para mais informa\u00e7\u00f5es e inscri\u00e7\u00f5es acesse o site: www.sedpcd.sp.gov.br\/2-encontro<\/p>\n<p>O Segundo Encontro Internacional \u00e9 uma realiza\u00e7\u00e3o da Secretaria de Estado dos Direitos da Pessoa com Defici\u00eancia de S\u00e3o Paulo e recebe o apoio da Funda\u00e7\u00e3o Faculdade de Medicina e da Rede de Reabilita\u00e7\u00e3o Lucy Montoro.<\/p>\n\n<div style=\"font-size: 0px; height: 0px; line-height: 0px; margin: 0; padding: 0; clear: both;\"><\/div>","protected":false},"excerpt":{"rendered":"<p>A marca do Encontro Internacional de Tecnologia e Inova\u00e7\u00e3o para Pessoas com Defici\u00eancia, que este ano chega \u00e0 sua segunda edi\u00e7\u00e3o, \u00e9 a organiza\u00e7\u00e3o, coordena\u00e7\u00e3o e realiza\u00e7\u00e3o de atividades voltadas \u00e0 difus\u00e3o de ajudas t\u00e9cnicas para a melhoria da qualidade de vida da popula\u00e7\u00e3o. Como na edi\u00e7\u00e3o anterior, o encontro conta com profissionais renomados das \u00e1reas de Tecnologia Assistiva, de institui\u00e7\u00f5es, universidades, centros e laborat\u00f3rios de pesquisas, bem como de empresas nacionais e internacionais, e representantes do poder p\u00fablico, para juntos discutirem os avan\u00e7os da tecnologia e inova\u00e7\u00e3o. O Segundo Encontro Internacional, realizado no Brooklin Novo, ser\u00e1 composto pelo: Semin\u00e1rio <\/p>\n","protected":false},"author":1,"featured_media":0,"comment_status":"open","ping_status":"closed","sticky":false,"template":"","format":"standard","meta":{"footnotes":""},"categories":[1],"tags":[4],"class_list":["post-114","post","type-post","status-publish","format-standard","hentry","category-noticias-no-brooklin","tag-brooklin"],"aioseo_notices":[],"_links":{"self":[{"href":"https:\/\/www.encontrabrooklin.com.br\/sobre\/wp-json\/wp\/v2\/posts\/114","targetHints":{"allow":["GET"]}}],"collection":[{"href":"https:\/\/www.encontrabrooklin.com.br\/sobre\/wp-json\/wp\/v2\/posts"}],"about":[{"href":"https:\/\/www.encontrabrooklin.com.br\/sobre\/wp-json\/wp\/v2\/types\/post"}],"author":[{"embeddable":true,"href":"https:\/\/www.encontrabrooklin.com.br\/sobre\/wp-json\/wp\/v2\/users\/1"}],"replies":[{"embeddable":true,"href":"https:\/\/www.encontrabrooklin.com.br\/sobre\/wp-json\/wp\/v2\/comments?post=114"}],"version-history":[{"count":0,"href":"https:\/\/www.encontrabrooklin.com.br\/sobre\/wp-json\/wp\/v2\/posts\/114\/revisions"}],"wp:attachment":[{"href":"https:\/\/www.encontrabrooklin.com.br\/sobre\/wp-json\/wp\/v2\/media?parent=114"}],"wp:term":[{"taxonomy":"category","embeddable":true,"href":"https:\/\/www.encontrabrooklin.com.br\/sobre\/wp-json\/wp\/v2\/categories?post=114"},{"taxonomy":"post_tag","embeddable":true,"href":"https:\/\/www.encontrabrooklin.com.br\/sobre\/wp-json\/wp\/v2\/tags?post=114"}],"curies":[{"name":"wp","href":"https:\/\/api.w.org\/{rel}","templated":true}]}}