{"id":15418,"date":"2012-04-20T17:54:06","date_gmt":"2012-04-20T20:54:06","guid":{"rendered":"http:\/\/www.encontrabrooklin.com.br\/blog\/?p=15418"},"modified":"2019-04-29T16:54:01","modified_gmt":"2019-04-29T19:54:01","slug":"curso-no-brooklin-oferece-aprendizagem-de-comunicacao-corporal","status":"publish","type":"post","link":"https:\/\/www.encontrabrooklin.com.br\/sobre\/curso-no-brooklin-oferece-aprendizagem-de-comunicacao-corporal\/","title":{"rendered":"Curso no Brooklin oferece aprendizagem de comunica\u00e7\u00e3o corporal"},"content":{"rendered":"<div class=\"20a438bb5a5dc2616716df02ed0c3553\" data-index=\"1\" style=\"float: left; margin: 15px 15px 15px 0;\">\n<!-- EBR \/Novo-Bairro\/ 300x250 - pub-85 -->\r\n<ins class=\"adsbygoogle\"\r\n     style=\"display:inline-block;width:300px;height:250px\"\r\n     data-ad-client=\"ca-pub-8585364105181520\"\r\n     data-ad-slot=\"4691134188\"><\/ins>\r\n<script>\r\n(adsbygoogle = window.adsbygoogle || []).push({});\r\n<\/script>\r\n\n<\/div>\n<p>Em abril e maio, a Secretaria Municipal de Educa\u00e7\u00e3o realiza encontros para professores de Educa\u00e7\u00e3o F\u00edsica por meio do curso Pr\u00e1ticas Corporais na Escola. Os professores dos ciclos I e II do Ensino Fundamental participantes trabalhar\u00e3o conte\u00fados como: rela\u00e7\u00e3o entre curr\u00edculo, Cultura e cultura corporal; leitura do gesto; e as expectativas de aprendizagem de Educa\u00e7\u00e3o F\u00edsica e pr\u00e1ticas pedag\u00f3gicas, sua rela\u00e7\u00e3o com o planejamento, com as atividades de ensino e com a avalia\u00e7\u00e3o das aprendizagens.<\/p>\n<p>Ser\u00e3o oferecidas 315 vagas, sendo sete turmas com 45 integrantes.O curso tem dura\u00e7\u00e3o de 12 horas. O m\u00e9todo usado quer favorecer uma reflex\u00e3o sobre a aprendizagem dos alunos com debates sobre como planejamentos did\u00e1ticos podem ajudar crian\u00e7as e jovens a avan\u00e7ar na pr\u00e1tica de Educa\u00e7\u00e3o F\u00edsica, como a qualidade de situa\u00e7\u00f5es e interven\u00e7\u00f5es did\u00e1ticas auxiliam no desenvolvimento. Tamb\u00e9m ser\u00e3o analisadas propostas did\u00e1ticas contidas no documento de Orienta\u00e7\u00e3o Curricular da disciplina.<\/p>\n<p>Confira a data de inscri\u00e7\u00e3o, dias, hor\u00e1rios e local dos encontros no bairro Brooklin:<\/p>\n<p><strong>Turma G \u2013 Inscri\u00e7\u00e3o at\u00e9 8 de maio<\/strong><\/p>\n<p>Local : EMEF Jos\u00e9 Dias da Silveira<\/p>\n<p>Rua Roque Petrella, 1054- Brooklin<\/p>\n<p>Data: 19\/5; 26\/5 e 2\/6<\/p>\n<p>Hor\u00e1rio: 9h \u00e0s 13h<\/p>\n\n<div style=\"font-size: 0px; height: 0px; line-height: 0px; margin: 0; padding: 0; clear: both;\"><\/div>","protected":false},"excerpt":{"rendered":"<p>Em abril e maio, a Secretaria Municipal de Educa\u00e7\u00e3o realiza encontros para professores de Educa\u00e7\u00e3o F\u00edsica por meio do curso Pr\u00e1ticas Corporais na Escola. Os professores dos ciclos I e II do Ensino Fundamental participantes trabalhar\u00e3o conte\u00fados como: rela\u00e7\u00e3o entre curr\u00edculo, Cultura e cultura corporal; leitura do gesto; e as expectativas de aprendizagem de Educa\u00e7\u00e3o F\u00edsica e pr\u00e1ticas pedag\u00f3gicas, sua rela\u00e7\u00e3o com o planejamento, com as atividades de ensino e com a avalia\u00e7\u00e3o das aprendizagens. Ser\u00e3o oferecidas 315 vagas, sendo sete turmas com 45 integrantes.O curso tem dura\u00e7\u00e3o de 12 horas. O m\u00e9todo usado quer favorecer uma reflex\u00e3o sobre a <\/p>\n","protected":false},"author":1,"featured_media":0,"comment_status":"open","ping_status":"closed","sticky":false,"template":"","format":"standard","meta":{"footnotes":""},"categories":[6],"tags":[],"class_list":["post-15418","post","type-post","status-publish","format-standard","hentry","category-cursos-no-brooklin"],"aioseo_notices":[],"_links":{"self":[{"href":"https:\/\/www.encontrabrooklin.com.br\/sobre\/wp-json\/wp\/v2\/posts\/15418","targetHints":{"allow":["GET"]}}],"collection":[{"href":"https:\/\/www.encontrabrooklin.com.br\/sobre\/wp-json\/wp\/v2\/posts"}],"about":[{"href":"https:\/\/www.encontrabrooklin.com.br\/sobre\/wp-json\/wp\/v2\/types\/post"}],"author":[{"embeddable":true,"href":"https:\/\/www.encontrabrooklin.com.br\/sobre\/wp-json\/wp\/v2\/users\/1"}],"replies":[{"embeddable":true,"href":"https:\/\/www.encontrabrooklin.com.br\/sobre\/wp-json\/wp\/v2\/comments?post=15418"}],"version-history":[{"count":0,"href":"https:\/\/www.encontrabrooklin.com.br\/sobre\/wp-json\/wp\/v2\/posts\/15418\/revisions"}],"wp:attachment":[{"href":"https:\/\/www.encontrabrooklin.com.br\/sobre\/wp-json\/wp\/v2\/media?parent=15418"}],"wp:term":[{"taxonomy":"category","embeddable":true,"href":"https:\/\/www.encontrabrooklin.com.br\/sobre\/wp-json\/wp\/v2\/categories?post=15418"},{"taxonomy":"post_tag","embeddable":true,"href":"https:\/\/www.encontrabrooklin.com.br\/sobre\/wp-json\/wp\/v2\/tags?post=15418"}],"curies":[{"name":"wp","href":"https:\/\/api.w.org\/{rel}","templated":true}]}}