{"id":1680,"date":"2011-12-09T16:34:40","date_gmt":"2011-12-09T19:34:40","guid":{"rendered":"http:\/\/www.encontrabrooklin.com.br\/blog\/?p=1680"},"modified":"2019-04-29T16:54:27","modified_gmt":"2019-04-29T19:54:27","slug":"secretaria-da-justica-investiga-denuncia-de-racismo-em-escola-do-brooklin","status":"publish","type":"post","link":"https:\/\/www.encontrabrooklin.com.br\/sobre\/secretaria-da-justica-investiga-denuncia-de-racismo-em-escola-do-brooklin\/","title":{"rendered":"Secretaria da Justi\u00e7a investiga den\u00fancia de racismo em escola do Brooklin"},"content":{"rendered":"<div class=\"20a438bb5a5dc2616716df02ed0c3553\" data-index=\"1\" style=\"float: left; margin: 15px 15px 15px 0;\">\n<!-- EBR \/Novo-Bairro\/ 300x250 - pub-85 -->\r\n<ins class=\"adsbygoogle\"\r\n     style=\"display:inline-block;width:300px;height:250px\"\r\n     data-ad-client=\"ca-pub-8585364105181520\"\r\n     data-ad-slot=\"4691134188\"><\/ins>\r\n<script>\r\n(adsbygoogle = window.adsbygoogle || []).push({});\r\n<\/script>\r\n\n<\/div>\n<p>A Secretaria da Justi\u00e7a e da Defesa da Cidadania abriu processo administrativo para investigar den\u00fancia de racismo na escola Internacional Anhembi Morumbi, no bairro do Brooklin (zona sul de SP). A estagi\u00e1ria Ester Elisa da Silva Ces\u00e1rio, 19, afirma que a diretora do col\u00e9gio pediu para ela que\u00a0alisasse\u00a0os cabelos para trabalhar.<\/p>\n<p>Segundo a secret\u00e1ria Eloisa de Sousa Arruda, a lei prev\u00ea para casos como esse multa, suspens\u00e3o da licen\u00e7a de funcionamento e at\u00e9 mesmo a cassa\u00e7\u00e3o.<\/p>\n<p>O caso de Ester ocorreu poucos dias ap\u00f3s a jovem come\u00e7ar a trabalhar como estagi\u00e1ria de marketing na escola. Ester \u00e9 negra, tem cabelo crespo e costuma us\u00e1-lo solto, na altura dos ombros.<\/p>\n<p>&#8220;Isso apenas demonstra que o racismo ainda existe na nossa sociedade, por mais que se negue&#8221;, afirma a secretaria. Segundo ela, o processo administrativo foi aberto assim que o \u00f3rg\u00e3o tomou conhecimento do caso por meio de redes sociais.<\/p>\n<p>A jovem afirma que, em seu primeiro dia no local, a diretora reclamou de uma flor presa em seu cabelo e pediu que ela o prendesse.<\/p>\n<p>Dias depois, Ester teve a aten\u00e7\u00e3o chamada novamente. Dessa vez, conta a estagi\u00e1ria, a mulher foi al\u00e9m: disse que compraria camisas mais longas para que Ester escondesse seus quadris.<\/p>\n<p>Por\u00e9m, foi apenas quando a diretora lhe pediu para alisar o cabelo que a estagi\u00e1ria decidiu registrar um boletim de ocorr\u00eancia na na Decradi (Delegacia de Crimes Raciais e Delitos de Intoler\u00e2ncia).<\/p>\n<p>A multa prevista pela legisla\u00e7\u00e3o estadual \u00e9 de at\u00e9 R$ 17.450 mil e at\u00e9 R$ 52.350, em caso de reincid\u00eancia.<\/p>\n<p>Desde julho de 2010, quando a lei foi que prev\u00ea puni\u00e7\u00f5es administrativas para casos de racismo foi promulgada, 90 den\u00fancias foram encaminhadas para a secretaria.<\/p>\n<p>A escola afirma que ainda n\u00e3o foi notificada sobre a investiga\u00e7\u00e3o da secretaria e nega &#8220;veementemente que tenha havido qualquer ato de racismo envolvendo sua equipe administrativa&#8221;.<\/p>\n<p>Em nota, o col\u00e9gio lamenta &#8220;profundamente que as instru\u00e7\u00f5es sobre vestu\u00e1rio passadas \u00e0 estagi\u00e1ria de marketing &#8211;as quais foram elaboradas com base em crit\u00e9rios puramente utilit\u00e1rios&#8211; tenham sido interpretadas de forma equivocada.&#8221;<\/p>\n<p><em>Fonte: Folha.com<\/em><\/p>\n\n<div style=\"font-size: 0px; height: 0px; line-height: 0px; margin: 0; padding: 0; clear: both;\"><\/div>","protected":false},"excerpt":{"rendered":"<p>A Secretaria da Justi\u00e7a e da Defesa da Cidadania abriu processo administrativo para investigar den\u00fancia de racismo na escola Internacional Anhembi Morumbi, no bairro do Brooklin (zona sul de SP). A estagi\u00e1ria Ester Elisa da Silva Ces\u00e1rio, 19, afirma que a diretora do col\u00e9gio pediu para ela que\u00a0alisasse\u00a0os cabelos para trabalhar. Segundo a secret\u00e1ria Eloisa de Sousa Arruda, a lei prev\u00ea para casos como esse multa, suspens\u00e3o da licen\u00e7a de funcionamento e at\u00e9 mesmo a cassa\u00e7\u00e3o. O caso de Ester ocorreu poucos dias ap\u00f3s a jovem come\u00e7ar a trabalhar como estagi\u00e1ria de marketing na escola. Ester \u00e9 negra, tem cabelo <\/p>\n","protected":false},"author":1,"featured_media":0,"comment_status":"open","ping_status":"closed","sticky":false,"template":"","format":"standard","meta":{"footnotes":""},"categories":[1],"tags":[4],"class_list":["post-1680","post","type-post","status-publish","format-standard","hentry","category-noticias-no-brooklin","tag-brooklin"],"aioseo_notices":[],"_links":{"self":[{"href":"https:\/\/www.encontrabrooklin.com.br\/sobre\/wp-json\/wp\/v2\/posts\/1680","targetHints":{"allow":["GET"]}}],"collection":[{"href":"https:\/\/www.encontrabrooklin.com.br\/sobre\/wp-json\/wp\/v2\/posts"}],"about":[{"href":"https:\/\/www.encontrabrooklin.com.br\/sobre\/wp-json\/wp\/v2\/types\/post"}],"author":[{"embeddable":true,"href":"https:\/\/www.encontrabrooklin.com.br\/sobre\/wp-json\/wp\/v2\/users\/1"}],"replies":[{"embeddable":true,"href":"https:\/\/www.encontrabrooklin.com.br\/sobre\/wp-json\/wp\/v2\/comments?post=1680"}],"version-history":[{"count":0,"href":"https:\/\/www.encontrabrooklin.com.br\/sobre\/wp-json\/wp\/v2\/posts\/1680\/revisions"}],"wp:attachment":[{"href":"https:\/\/www.encontrabrooklin.com.br\/sobre\/wp-json\/wp\/v2\/media?parent=1680"}],"wp:term":[{"taxonomy":"category","embeddable":true,"href":"https:\/\/www.encontrabrooklin.com.br\/sobre\/wp-json\/wp\/v2\/categories?post=1680"},{"taxonomy":"post_tag","embeddable":true,"href":"https:\/\/www.encontrabrooklin.com.br\/sobre\/wp-json\/wp\/v2\/tags?post=1680"}],"curies":[{"name":"wp","href":"https:\/\/api.w.org\/{rel}","templated":true}]}}