{"id":18425,"date":"2012-07-30T18:18:56","date_gmt":"2012-07-30T21:18:56","guid":{"rendered":"http:\/\/www.encontrabrooklin.com.br\/blog\/?p=18425"},"modified":"2019-04-29T16:54:01","modified_gmt":"2019-04-29T19:54:01","slug":"onibus-e-incendiado-no-brooklin-um-dia-apos-protestos","status":"publish","type":"post","link":"https:\/\/www.encontrabrooklin.com.br\/sobre\/onibus-e-incendiado-no-brooklin-um-dia-apos-protestos\/","title":{"rendered":"\u00d4nibus \u00e9 incendiado no Brooklin um dia ap\u00f3s protestos"},"content":{"rendered":"<div class=\"20a438bb5a5dc2616716df02ed0c3553\" data-index=\"1\" style=\"float: left; margin: 15px 15px 15px 0;\">\n<!-- EBR \/Novo-Bairro\/ 300x250 - pub-85 -->\r\n<ins class=\"adsbygoogle\"\r\n     style=\"display:inline-block;width:300px;height:250px\"\r\n     data-ad-client=\"ca-pub-8585364105181520\"\r\n     data-ad-slot=\"4691134188\"><\/ins>\r\n<script>\r\n(adsbygoogle = window.adsbygoogle || []).push({});\r\n<\/script>\r\n\n<\/div>\n<p>Um \u00f4nibus foi incendiado, no fim da noite deste domingo, na avenida Roberto Marinho, no sentido Marginal Pinheiros, no bairro do Brooklin, na zona sul de S\u00e3o Paulo. Segundo informa\u00e7\u00f5es da r\u00e1dio\u00a0<em>CBN<\/em>, um grupo de aproximadamente 20 pessoas bloqueou a passagem do ve\u00edculo e atacou o coletivo. A a\u00e7\u00e3o seria mais um protesto contra a morte de um ciclista de 14 anos, atropelado na regi\u00e3o na \u00faltima sexta-feira.<\/p>\n<p>Antes de atacarem o ve\u00edculo, o grupo tentou incendiar outro coletivo na mesma regi\u00e3o. O motorista, que n\u00e3o quis se identificar, disse que o grupo parou o \u00f4nibus e ordenou que todos descessem. O ve\u00edculo s\u00f3 n\u00e3o foi incendiado, segundo o homem, pela passagem de uma viatura da Pol\u00edcia Militar, que fez com que os criminosos sa\u00edssem correndo. A Pol\u00edcia Civil investiga a liga\u00e7\u00e3o entre os atos criminosos e os recentes protestos pela morte do ciclista. Ningu\u00e9m ficou ferido nas a\u00e7\u00f5es.<\/p>\n<p><em>Fonte: Portal Terra<\/em><\/p>\n\n<div style=\"font-size: 0px; height: 0px; line-height: 0px; margin: 0; padding: 0; clear: both;\"><\/div>","protected":false},"excerpt":{"rendered":"<p>Um \u00f4nibus foi incendiado, no fim da noite deste domingo, na avenida Roberto Marinho, no sentido Marginal Pinheiros, no bairro do Brooklin, na zona sul de S\u00e3o Paulo. Segundo informa\u00e7\u00f5es da r\u00e1dio\u00a0CBN, um grupo de aproximadamente 20 pessoas bloqueou a passagem do ve\u00edculo e atacou o coletivo. A a\u00e7\u00e3o seria mais um protesto contra a morte de um ciclista de 14 anos, atropelado na regi\u00e3o na \u00faltima sexta-feira. Antes de atacarem o ve\u00edculo, o grupo tentou incendiar outro coletivo na mesma regi\u00e3o. O motorista, que n\u00e3o quis se identificar, disse que o grupo parou o \u00f4nibus e ordenou que todos <\/p>\n","protected":false},"author":1,"featured_media":0,"comment_status":"open","ping_status":"closed","sticky":false,"template":"","format":"standard","meta":{"footnotes":""},"categories":[1],"tags":[4],"class_list":["post-18425","post","type-post","status-publish","format-standard","hentry","category-noticias-no-brooklin","tag-brooklin"],"aioseo_notices":[],"_links":{"self":[{"href":"https:\/\/www.encontrabrooklin.com.br\/sobre\/wp-json\/wp\/v2\/posts\/18425","targetHints":{"allow":["GET"]}}],"collection":[{"href":"https:\/\/www.encontrabrooklin.com.br\/sobre\/wp-json\/wp\/v2\/posts"}],"about":[{"href":"https:\/\/www.encontrabrooklin.com.br\/sobre\/wp-json\/wp\/v2\/types\/post"}],"author":[{"embeddable":true,"href":"https:\/\/www.encontrabrooklin.com.br\/sobre\/wp-json\/wp\/v2\/users\/1"}],"replies":[{"embeddable":true,"href":"https:\/\/www.encontrabrooklin.com.br\/sobre\/wp-json\/wp\/v2\/comments?post=18425"}],"version-history":[{"count":0,"href":"https:\/\/www.encontrabrooklin.com.br\/sobre\/wp-json\/wp\/v2\/posts\/18425\/revisions"}],"wp:attachment":[{"href":"https:\/\/www.encontrabrooklin.com.br\/sobre\/wp-json\/wp\/v2\/media?parent=18425"}],"wp:term":[{"taxonomy":"category","embeddable":true,"href":"https:\/\/www.encontrabrooklin.com.br\/sobre\/wp-json\/wp\/v2\/categories?post=18425"},{"taxonomy":"post_tag","embeddable":true,"href":"https:\/\/www.encontrabrooklin.com.br\/sobre\/wp-json\/wp\/v2\/tags?post=18425"}],"curies":[{"name":"wp","href":"https:\/\/api.w.org\/{rel}","templated":true}]}}