{"id":224,"date":"2011-02-21T17:39:11","date_gmt":"2011-02-21T20:39:11","guid":{"rendered":"http:\/\/www.encontrabrooklin.com.br\/blog\/?p=224"},"modified":"2019-04-29T16:54:30","modified_gmt":"2019-04-29T19:54:30","slug":"grupo-the-national-tocara-no-brooklin-em-abril","status":"publish","type":"post","link":"https:\/\/www.encontrabrooklin.com.br\/sobre\/grupo-the-national-tocara-no-brooklin-em-abril\/","title":{"rendered":"Grupo The National tocar\u00e1 no Brooklin em abril"},"content":{"rendered":"<div class=\"20a438bb5a5dc2616716df02ed0c3553\" data-index=\"1\" style=\"float: left; margin: 15px 15px 15px 0;\">\n<!-- EBR \/Novo-Bairro\/ 300x250 - pub-85 -->\r\n<ins class=\"adsbygoogle\"\r\n     style=\"display:inline-block;width:300px;height:250px\"\r\n     data-ad-client=\"ca-pub-8585364105181520\"\r\n     data-ad-slot=\"4691134188\"><\/ins>\r\n<script>\r\n(adsbygoogle = window.adsbygoogle || []).push({});\r\n<\/script>\r\n\n<\/div>\n<p>O grupo The National voltar\u00e1 ao Brasil em abril.<\/p>\n<p>O quinteto americano j\u00e1 se apresentou por aqui em 2008, conseguindo boa repercuss\u00e3o por parte de p\u00fablico e cr\u00edtica.<\/p>\n<p>Em S\u00e3o Paulo, eles ir\u00e3o se apresentar no dia 5 de abril no Citibank Hall, no bairro de Moema, onde divulgar\u00e3o as m\u00fasicas de seu mais recente \u00e1lbum,\u00a0<em>High Violet<\/em> (2010).<\/p>\n<p>Criado em 1999 em Ohio mas pouco depois deslocado para Nova York, mais precisamente no bairro do Brooklin, o quinteto \u00e9 integrado por Matt Benninger (vocal) e\u00a0duas duplas de irm\u00e3os: Aaron (baixo, guitarra e teclados) e Bryce Dessner (guitarra e teclados) e Scott (baixo, guitarra) e Bryan Devendorf (bateria).<\/p>\n<p>Eles lan\u00e7aram seu primeiro \u00e1lbum em 2001, mas foi a partir de 2005, com\u00a0<em>Alligator<\/em>, que o p\u00fablico come\u00e7ou a lhes dar maior apoio.<\/p>\n<p>O som do The National \u00e9 uma mistura de elementos de grupos como Joy Division, The Cure e Interpol, investindo no p\u00f3s punk e no rock g\u00f3tico, embora com uma cara pr\u00f3pria.<\/p>\n<p><strong>The National<\/strong><\/p>\n<p><strong> <\/strong><\/p>\n<p><strong>Quando<\/strong>: 5\/4 (ter\u00e7a-feira) \u00e0s 21h30<br \/>\n<strong>Onde<\/strong>: Citibank Hall &#8211; avenida Jamaris, 213 &#8211; Moema &#8211; SP<br \/>\n<strong>Quanto<\/strong>: de R$ 70 a R$ 300<br \/>\n<strong>Informa\u00e7\u00f5es<\/strong>: 4003-5588<\/p>\n<p><em>Fonte: R7<\/em><\/p>\n\n<div style=\"font-size: 0px; height: 0px; line-height: 0px; margin: 0; padding: 0; clear: both;\"><\/div>","protected":false},"excerpt":{"rendered":"<p>O grupo The National voltar\u00e1 ao Brasil em abril. O quinteto americano j\u00e1 se apresentou por aqui em 2008, conseguindo boa repercuss\u00e3o por parte de p\u00fablico e cr\u00edtica. Em S\u00e3o Paulo, eles ir\u00e3o se apresentar no dia 5 de abril no Citibank Hall, no bairro de Moema, onde divulgar\u00e3o as m\u00fasicas de seu mais recente \u00e1lbum,\u00a0High Violet (2010). Criado em 1999 em Ohio mas pouco depois deslocado para Nova York, mais precisamente no bairro do Brooklin, o quinteto \u00e9 integrado por Matt Benninger (vocal) e\u00a0duas duplas de irm\u00e3os: Aaron (baixo, guitarra e teclados) e Bryce Dessner (guitarra e teclados) e <\/p>\n","protected":false},"author":1,"featured_media":0,"comment_status":"open","ping_status":"closed","sticky":false,"template":"","format":"standard","meta":{"footnotes":""},"categories":[7],"tags":[4],"class_list":["post-224","post","type-post","status-publish","format-standard","hentry","category-shows-no-brooklin","tag-brooklin"],"aioseo_notices":[],"_links":{"self":[{"href":"https:\/\/www.encontrabrooklin.com.br\/sobre\/wp-json\/wp\/v2\/posts\/224","targetHints":{"allow":["GET"]}}],"collection":[{"href":"https:\/\/www.encontrabrooklin.com.br\/sobre\/wp-json\/wp\/v2\/posts"}],"about":[{"href":"https:\/\/www.encontrabrooklin.com.br\/sobre\/wp-json\/wp\/v2\/types\/post"}],"author":[{"embeddable":true,"href":"https:\/\/www.encontrabrooklin.com.br\/sobre\/wp-json\/wp\/v2\/users\/1"}],"replies":[{"embeddable":true,"href":"https:\/\/www.encontrabrooklin.com.br\/sobre\/wp-json\/wp\/v2\/comments?post=224"}],"version-history":[{"count":0,"href":"https:\/\/www.encontrabrooklin.com.br\/sobre\/wp-json\/wp\/v2\/posts\/224\/revisions"}],"wp:attachment":[{"href":"https:\/\/www.encontrabrooklin.com.br\/sobre\/wp-json\/wp\/v2\/media?parent=224"}],"wp:term":[{"taxonomy":"category","embeddable":true,"href":"https:\/\/www.encontrabrooklin.com.br\/sobre\/wp-json\/wp\/v2\/categories?post=224"},{"taxonomy":"post_tag","embeddable":true,"href":"https:\/\/www.encontrabrooklin.com.br\/sobre\/wp-json\/wp\/v2\/tags?post=224"}],"curies":[{"name":"wp","href":"https:\/\/api.w.org\/{rel}","templated":true}]}}