{"id":274,"date":"2011-06-15T19:13:19","date_gmt":"2011-06-15T22:13:19","guid":{"rendered":"http:\/\/www.encontrabrooklin.com.br\/blog\/?p=274"},"modified":"2019-04-29T16:54:29","modified_gmt":"2019-04-29T19:54:29","slug":"exposicao-no-brooklin-homenageia-o-estilista-pierre-cardin","status":"publish","type":"post","link":"https:\/\/www.encontrabrooklin.com.br\/sobre\/exposicao-no-brooklin-homenageia-o-estilista-pierre-cardin\/","title":{"rendered":"Exposi\u00e7\u00e3o no Brooklin homenageia o estilista Pierre Cardin"},"content":{"rendered":"<div class=\"20a438bb5a5dc2616716df02ed0c3553\" data-index=\"1\" style=\"float: left; margin: 15px 15px 15px 0;\">\n<!-- EBR \/Novo-Bairro\/ 300x250 - pub-85 -->\r\n<ins class=\"adsbygoogle\"\r\n     style=\"display:inline-block;width:300px;height:250px\"\r\n     data-ad-client=\"ca-pub-8585364105181520\"\r\n     data-ad-slot=\"4691134188\"><\/ins>\r\n<script>\r\n(adsbygoogle = window.adsbygoogle || []).push({});\r\n<\/script>\r\n\n<\/div>\n<p>Os alunos do curso de moda do Senac homenageiam o estilista franc\u00eas Pierre Cardin com a mostra &#8220;Um Olhar Sobre Pierre Cardin&#8221;, em cartaz no <a href=\"http:\/\/www.encontrabrooklin.com.br\/brooklin\/market-place-shopping-no-brooklin.shtml\" target=\"_blank\">shopping Market Place<\/a> (zona sul de S\u00e3o Paulo).<\/p>\n<p>As pe\u00e7as em exposi\u00e7\u00e3o foram inspiradas nos trabalhos do costureiro, que completa 60 anos de marca em 2011.<\/p>\n<p>As roupas foram confeccionadas na cor cru, para distinguir a interpreta\u00e7\u00e3o dos alunos dos itens originais de Cardin &#8211;que serviram de base para a confec\u00e7\u00e3o das releituras. Al\u00e9m de celebrar o trabalho do franc\u00eas, a mostra pretende discutir e import\u00e2ncia do estilista na produ\u00e7\u00e3o de moda.<\/p>\n<p><strong>Shopping Market Place<\/strong> &#8211; t\u00e9rreo &#8211; av. Chucri Zaidan, 902, bairro do Brooklin, zona sul, S\u00e3o Paulo, SP. Tel.: 0\/xx\/11\/3474-4033. At\u00e9 26\/6. Seg. a s\u00e1b.: 10h \u00e0s 22h. Dom.: 11h \u00e0s 22h. Livre. Gr\u00e1tis.<\/p>\n<p><em>Fonte: Guia da Folha<\/em><\/p>\n\n<div style=\"font-size: 0px; height: 0px; line-height: 0px; margin: 0; padding: 0; clear: both;\"><\/div>","protected":false},"excerpt":{"rendered":"<p>Os alunos do curso de moda do Senac homenageiam o estilista franc\u00eas Pierre Cardin com a mostra &#8220;Um Olhar Sobre Pierre Cardin&#8221;, em cartaz no shopping Market Place (zona sul de S\u00e3o Paulo). As pe\u00e7as em exposi\u00e7\u00e3o foram inspiradas nos trabalhos do costureiro, que completa 60 anos de marca em 2011. As roupas foram confeccionadas na cor cru, para distinguir a interpreta\u00e7\u00e3o dos alunos dos itens originais de Cardin &#8211;que serviram de base para a confec\u00e7\u00e3o das releituras. Al\u00e9m de celebrar o trabalho do franc\u00eas, a mostra pretende discutir e import\u00e2ncia do estilista na produ\u00e7\u00e3o de moda. Shopping Market Place <\/p>\n","protected":false},"author":1,"featured_media":0,"comment_status":"open","ping_status":"closed","sticky":false,"template":"","format":"standard","meta":{"footnotes":""},"categories":[8],"tags":[4],"class_list":["post-274","post","type-post","status-publish","format-standard","hentry","category-cultura-no-brooklin","tag-brooklin"],"aioseo_notices":[],"_links":{"self":[{"href":"https:\/\/www.encontrabrooklin.com.br\/sobre\/wp-json\/wp\/v2\/posts\/274","targetHints":{"allow":["GET"]}}],"collection":[{"href":"https:\/\/www.encontrabrooklin.com.br\/sobre\/wp-json\/wp\/v2\/posts"}],"about":[{"href":"https:\/\/www.encontrabrooklin.com.br\/sobre\/wp-json\/wp\/v2\/types\/post"}],"author":[{"embeddable":true,"href":"https:\/\/www.encontrabrooklin.com.br\/sobre\/wp-json\/wp\/v2\/users\/1"}],"replies":[{"embeddable":true,"href":"https:\/\/www.encontrabrooklin.com.br\/sobre\/wp-json\/wp\/v2\/comments?post=274"}],"version-history":[{"count":0,"href":"https:\/\/www.encontrabrooklin.com.br\/sobre\/wp-json\/wp\/v2\/posts\/274\/revisions"}],"wp:attachment":[{"href":"https:\/\/www.encontrabrooklin.com.br\/sobre\/wp-json\/wp\/v2\/media?parent=274"}],"wp:term":[{"taxonomy":"category","embeddable":true,"href":"https:\/\/www.encontrabrooklin.com.br\/sobre\/wp-json\/wp\/v2\/categories?post=274"},{"taxonomy":"post_tag","embeddable":true,"href":"https:\/\/www.encontrabrooklin.com.br\/sobre\/wp-json\/wp\/v2\/tags?post=274"}],"curies":[{"name":"wp","href":"https:\/\/api.w.org\/{rel}","templated":true}]}}