{"id":29599,"date":"2012-11-08T11:46:56","date_gmt":"2012-11-08T14:46:56","guid":{"rendered":"http:\/\/www.encontrabrooklin.com.br\/blog\/?p=29599"},"modified":"2019-04-29T16:54:00","modified_gmt":"2019-04-29T19:54:00","slug":"colegio-no-brooklin-promove-cultura-lazer-solidariedade-e-formacao-profissional-em-um-unico-evento","status":"publish","type":"post","link":"https:\/\/www.encontrabrooklin.com.br\/sobre\/colegio-no-brooklin-promove-cultura-lazer-solidariedade-e-formacao-profissional-em-um-unico-evento\/","title":{"rendered":"Col\u00e9gio no Brooklin promove cultura, lazer, solidariedade e forma\u00e7\u00e3o profissional em um \u00fanico evento"},"content":{"rendered":"<div class=\"20a438bb5a5dc2616716df02ed0c3553\" data-index=\"1\" style=\"float: left; margin: 15px 15px 15px 0;\">\n<!-- EBR \/Novo-Bairro\/ 300x250 - pub-85 -->\r\n<ins class=\"adsbygoogle\"\r\n     style=\"display:inline-block;width:300px;height:250px\"\r\n     data-ad-client=\"ca-pub-8585364105181520\"\r\n     data-ad-slot=\"4691134188\"><\/ins>\r\n<script>\r\n(adsbygoogle = window.adsbygoogle || []).push({});\r\n<\/script>\r\n\n<\/div>\n<p>Cultura, lazer, solidariedade e forma\u00e7\u00e3o profissional em um \u00fanico evento. Esta \u00e9 a proposta do Col\u00e9gio Internacional Anhembi Morumbi (CAM) para o dia 10 de novembro, s\u00e1bado, quando a institui\u00e7\u00e3o abre suas portas para a comunidade do Brooklin, na zona sul de S\u00e3o Paulo. A programa\u00e7\u00e3o inclui a primeira edi\u00e7\u00e3o do Show de Bandas, a primeira Mostra de Empreendedorismo, Inova\u00e7\u00e3o e Criatividade, um bazar solid\u00e1rio e a Feira de Incentivo ao Saber.\u00a0 Al\u00e9m da participa\u00e7\u00e3o dos alunos, o evento contar\u00e1 com a presen\u00e7a de Kid Vinil e do Dr. Gabriel M\u00e1rio Rodrigues, fundador da Universidade Anhembi Morumbi.<\/p>\n<p>\u201cO Col\u00e9gio Anhembi Morumbi acredita que todo aluno deve ter a oportunidade de desenvolver plenamente todas suas aptid\u00f5es e talentos, que muitas vezes v\u00e3o al\u00e9m do curr\u00edculo escolar obrigat\u00f3rio\u201d, explica Prof.\u00aa Mercedes Vieira, Conselheira do CAM.\u00a0\u00a0 \u201cIncentiv\u00e1-los nas artes, esclarecer conceitos de empreendedorismo e fortalecer valores solid\u00e1rios s\u00e3o fundamentais para gerarmos melhores profissionais e melhores cidad\u00e3os\u201d, sintetiza.<\/p>\n<p>Um dos destaques do evento \u00e9 a presen\u00e7a de Kid Vinil, roqueiro que ficou famoso nos anos 80 com can\u00e7\u00f5es como TicTic Nervoso e Sou Boy, do repert\u00f3rio do grupo Magazine, do qual era vocalista. Profundo conhecedor de rock, comandou v\u00e1rios programas de r\u00e1dio e TV, tendo sido um dos maiores incentivadores do in\u00edcio do movimento punk paulista, organizando shows e tocando m\u00fasicas de bandas de punk rock e p\u00f3s-punk em seu programa de r\u00e1dio.\u00a0 Ele ir\u00e1 discotecar na abertura e durante a apresenta\u00e7\u00e3o das bandas. Esta primeira edi\u00e7\u00e3o do Show de Bandas conta com a participa\u00e7\u00e3o de seis grupos de alunos e ex-alunos, com apresenta\u00e7\u00f5es de 20 minutos cada.<\/p>\n<p>Paralelamente, os visitantes poder\u00e3o conferir a primeira Mostra de Empreendedorismo, Inova\u00e7\u00e3o e Criatividade.\u00a0 Ela contar\u00e1 com a apresenta\u00e7\u00e3o de trabalhos de alunos de todas as s\u00e9ries, todos sobre empreendedorismo. \u201cLevamos a reflex\u00e3o sobre este assunto para as salas de aula, em todos os n\u00edveis, e a feira ser\u00e1 a oportunidade de troca de informa\u00e7\u00f5es e conhecimentos entre as classes\u201d, detalha Prof.\u00aa Mercedes. O ponto alto da programa\u00e7\u00e3o ser\u00e1 a abertura da mostra pelo Dr. Gabriel M\u00e1rio Rodrigues, fundador da Universidade Anhembi Morumbi, que falar\u00e1 sobre sua carreira.<\/p>\n<p>J\u00e1 a Feira de Incentivo ao Saber dever\u00e1 trabalhar, por meio de livros confeccionados pelos alunos, performances, p\u00f4steres ou leituras dos estudantes, com orienta\u00e7\u00e3o dos professores, hist\u00f3rias cl\u00e1ssicas de contos de fadas (<em>Os Tr\u00eas Porquinhos<\/em>, <em>A Bela e a Fera<\/em> e <em>Cinderela<\/em>), as obras de Monteiro Lobato (<em>Hist\u00f3ria da Inven\u00e7\u00f5es<\/em>, <em>Hist\u00f3rias Diversas<\/em>, <em>Aritm\u00e9tica da Em\u00edlia<\/em>, <em>O S\u00edtio do Pica-pau Amarelo<\/em>, <em>A Reforma da Natureza<\/em>), O Rei Artur e os Cavaleiros da T\u00e1vola Redonda, de Sir Thomas Malory (<em>Le Mort D\u2019Arthur<\/em>, ou <em>A Morte de Artur<\/em>, no t\u00edtulo original), <em>Dom Quixote<\/em>, de Miguel de Cervantes, <em>A Revolu\u00e7\u00e3o dos Bichos<\/em>, de George Orwell, <em>Vidas Secas<\/em>, de Graciliano Ramos, e <em>O Pequeno Pr\u00edncipe<\/em>, de Antoine Saint-Exupery. Os t\u00edtulos variam de acordo com a s\u00e9rie escolar, pois devem participar alunos desde a Educa\u00e7\u00e3o Infantil at\u00e9 o Ensino M\u00e9dio.<\/p>\n<p>Durante todo o evento ocorrer\u00e1 o Bazar da Solidariedade, que contar\u00e1 com barracas de produtos natalinos, roupas, bijuterias, artesanato, doces e salgados.\u00a0 Toda renda obtida com a venda desses itens ser\u00e1 revertida para a creche Arco Iris I e II no Grajau.<\/p>\n<p>O Col\u00e9gio Anhembi Morumbi estar\u00e1 com suas portas abertas \u00e0 comunidade entre 09h00 e 16h00. A entrada \u00e9 mediante entrega de 1kg de alimento n\u00e3o perec\u00edvel.<strong>\u00a0<\/strong><\/p>\n<p><strong>Servi\u00e7o:<br \/>\nO que: <\/strong>Shows, Bazar, Feiras no Col\u00e9gio Anhembi Morumbi.<\/p>\n<p><strong>Data:<\/strong> 10 de novembro de 2012<\/p>\n<p><strong>Hor\u00e1rio:<\/strong> das 09h00 \u00e0s 16h00<\/p>\n<p><strong>Local:<\/strong> Rua Michigan, 962 \u2013 Brooklin \u2013 Encontra S\u00e3o Paulo.<strong><br \/>\n<\/strong><\/p>\n\n<div style=\"font-size: 0px; height: 0px; line-height: 0px; margin: 0; padding: 0; clear: both;\"><\/div>","protected":false},"excerpt":{"rendered":"<p>Cultura, lazer, solidariedade e forma\u00e7\u00e3o profissional em um \u00fanico evento. Esta \u00e9 a proposta do Col\u00e9gio Internacional Anhembi Morumbi (CAM) para o dia 10 de novembro, s\u00e1bado, quando a institui\u00e7\u00e3o abre suas portas para a comunidade do Brooklin, na zona sul de S\u00e3o Paulo. A programa\u00e7\u00e3o inclui a primeira edi\u00e7\u00e3o do Show de Bandas, a primeira Mostra de Empreendedorismo, Inova\u00e7\u00e3o e Criatividade, um bazar solid\u00e1rio e a Feira de Incentivo ao Saber.\u00a0 Al\u00e9m da participa\u00e7\u00e3o dos alunos, o evento contar\u00e1 com a presen\u00e7a de Kid Vinil e do Dr. Gabriel M\u00e1rio Rodrigues, fundador da Universidade Anhembi Morumbi. \u201cO Col\u00e9gio Anhembi <\/p>\n","protected":false},"author":1,"featured_media":0,"comment_status":"open","ping_status":"closed","sticky":false,"template":"","format":"standard","meta":{"footnotes":""},"categories":[1],"tags":[],"class_list":["post-29599","post","type-post","status-publish","format-standard","hentry","category-noticias-no-brooklin"],"aioseo_notices":[],"_links":{"self":[{"href":"https:\/\/www.encontrabrooklin.com.br\/sobre\/wp-json\/wp\/v2\/posts\/29599","targetHints":{"allow":["GET"]}}],"collection":[{"href":"https:\/\/www.encontrabrooklin.com.br\/sobre\/wp-json\/wp\/v2\/posts"}],"about":[{"href":"https:\/\/www.encontrabrooklin.com.br\/sobre\/wp-json\/wp\/v2\/types\/post"}],"author":[{"embeddable":true,"href":"https:\/\/www.encontrabrooklin.com.br\/sobre\/wp-json\/wp\/v2\/users\/1"}],"replies":[{"embeddable":true,"href":"https:\/\/www.encontrabrooklin.com.br\/sobre\/wp-json\/wp\/v2\/comments?post=29599"}],"version-history":[{"count":0,"href":"https:\/\/www.encontrabrooklin.com.br\/sobre\/wp-json\/wp\/v2\/posts\/29599\/revisions"}],"wp:attachment":[{"href":"https:\/\/www.encontrabrooklin.com.br\/sobre\/wp-json\/wp\/v2\/media?parent=29599"}],"wp:term":[{"taxonomy":"category","embeddable":true,"href":"https:\/\/www.encontrabrooklin.com.br\/sobre\/wp-json\/wp\/v2\/categories?post=29599"},{"taxonomy":"post_tag","embeddable":true,"href":"https:\/\/www.encontrabrooklin.com.br\/sobre\/wp-json\/wp\/v2\/tags?post=29599"}],"curies":[{"name":"wp","href":"https:\/\/api.w.org\/{rel}","templated":true}]}}