{"id":29662,"date":"2013-03-27T16:48:04","date_gmt":"2013-03-27T19:48:04","guid":{"rendered":"http:\/\/www.encontrabrooklin.com.br\/blog\/?p=29662"},"modified":"2019-04-29T16:54:00","modified_gmt":"2019-04-29T19:54:00","slug":"best-of-blues-festival-chega-ao-brooklin-em-junho","status":"publish","type":"post","link":"https:\/\/www.encontrabrooklin.com.br\/sobre\/best-of-blues-festival-chega-ao-brooklin-em-junho\/","title":{"rendered":"Best of Blues Festival chega ao Brooklin em Junho"},"content":{"rendered":"<div class=\"20a438bb5a5dc2616716df02ed0c3553\" data-index=\"1\" style=\"float: left; margin: 15px 15px 15px 0;\">\n<!-- EBR \/Novo-Bairro\/ 300x250 - pub-85 -->\r\n<ins class=\"adsbygoogle\"\r\n     style=\"display:inline-block;width:300px;height:250px\"\r\n     data-ad-client=\"ca-pub-8585364105181520\"\r\n     data-ad-slot=\"4691134188\"><\/ins>\r\n<script>\r\n(adsbygoogle = window.adsbygoogle || []).push({});\r\n<\/script>\r\n\n<\/div>\n<p>S\u00e3o Paulo receber\u00e1 entre os dias 10 e 13 de junho o \u201cBest of Blues Festival\u201d, evento no bairro do Brooklin que re\u00fane os maiores nomes do Blues, no <a href=\"http:\/\/www.encontrabrooklin.com.br\/brooklin\/wtc-golden-hall-no-brooklin.shtml\" target=\"_blank\">WTC Golden Hall<\/a>. Os ingressos estar\u00e3o \u00e0 venda em abril.<\/p>\n<p>O festival oferecer\u00e1 aos participantes quatro shows por dia, incluindo artistas como John Mayall, al\u00e9m de exposi\u00e7\u00e3o fotogr\u00e1fica, sess\u00f5es de cinema,\u00a0<em>master classes<\/em>\u00a0e performances de rua. O projeto acontecer\u00e1 anualmente na cidade.<\/p>\n<p>A exposi\u00e7\u00e3o que ocorrer\u00e1 no final de maio, a Expo Blues, ser\u00e1 no shopping D&amp;D e retratar\u00e1 por registros fotogr\u00e1ficos a hist\u00f3ria, trajet\u00f3ria e relev\u00e2ncia do Blues.<\/p>\n<p>No\u00a0<em>Master Class<\/em>, os artistas que participar\u00e3o dos eventos far\u00e3o um bate-papo para 500 pessoas.<\/p>\n<p>Sediado no WTC Golden Hall, espa\u00e7o criado especialmente para o evento, com assentos pr\u00f3ximos do palco e servi\u00e7os de alto padr\u00e3o, o festival trar\u00e1 ao palco n\u00e3o somente renomados bluseiros, mas, tamb\u00e9m, nomes de outros estilos que t\u00eam suas ra\u00edzes e origens no blues.<\/p>\n<p>Aos que comparecerem aos shows ser\u00e1 oferecida a revista personalizada do evento, sendo que, alguns exemplares ter\u00e3o aut\u00f3grafos originais dos artistas participantes do festival.<\/p>\n<p>Saiba mais em\u00a0dancarmarketing.com.br<\/p>\n<p><strong>Servi\u00e7o:<\/strong><\/p>\n<p><b>Best of Blues Festival<br \/>\n<\/b>Data: de 10 a 13 de junho.<br \/>\nHor\u00e1rio: shows a partir das 21h.<br \/>\nLocal: WTC Golden Hall.<br \/>\nEnd.: Avenida Das Na\u00e7\u00f5es Unidas, 12559.<br \/>\nTel.: 3054 &#8211; 4500.<br \/>\ndancarmarketing.com.br<\/p>\n<p><em>Fonte: SPTuris<\/em><\/p>\n\n<div style=\"font-size: 0px; height: 0px; line-height: 0px; margin: 0; padding: 0; clear: both;\"><\/div>","protected":false},"excerpt":{"rendered":"<p>S\u00e3o Paulo receber\u00e1 entre os dias 10 e 13 de junho o \u201cBest of Blues Festival\u201d, evento no bairro do Brooklin que re\u00fane os maiores nomes do Blues, no WTC Golden Hall. Os ingressos estar\u00e3o \u00e0 venda em abril. O festival oferecer\u00e1 aos participantes quatro shows por dia, incluindo artistas como John Mayall, al\u00e9m de exposi\u00e7\u00e3o fotogr\u00e1fica, sess\u00f5es de cinema,\u00a0master classes\u00a0e performances de rua. O projeto acontecer\u00e1 anualmente na cidade. A exposi\u00e7\u00e3o que ocorrer\u00e1 no final de maio, a Expo Blues, ser\u00e1 no shopping D&amp;D e retratar\u00e1 por registros fotogr\u00e1ficos a hist\u00f3ria, trajet\u00f3ria e relev\u00e2ncia do Blues. No\u00a0Master Class, os <\/p>\n","protected":false},"author":1,"featured_media":0,"comment_status":"open","ping_status":"closed","sticky":false,"template":"","format":"standard","meta":{"footnotes":""},"categories":[7],"tags":[4],"class_list":["post-29662","post","type-post","status-publish","format-standard","hentry","category-shows-no-brooklin","tag-brooklin"],"aioseo_notices":[],"_links":{"self":[{"href":"https:\/\/www.encontrabrooklin.com.br\/sobre\/wp-json\/wp\/v2\/posts\/29662","targetHints":{"allow":["GET"]}}],"collection":[{"href":"https:\/\/www.encontrabrooklin.com.br\/sobre\/wp-json\/wp\/v2\/posts"}],"about":[{"href":"https:\/\/www.encontrabrooklin.com.br\/sobre\/wp-json\/wp\/v2\/types\/post"}],"author":[{"embeddable":true,"href":"https:\/\/www.encontrabrooklin.com.br\/sobre\/wp-json\/wp\/v2\/users\/1"}],"replies":[{"embeddable":true,"href":"https:\/\/www.encontrabrooklin.com.br\/sobre\/wp-json\/wp\/v2\/comments?post=29662"}],"version-history":[{"count":0,"href":"https:\/\/www.encontrabrooklin.com.br\/sobre\/wp-json\/wp\/v2\/posts\/29662\/revisions"}],"wp:attachment":[{"href":"https:\/\/www.encontrabrooklin.com.br\/sobre\/wp-json\/wp\/v2\/media?parent=29662"}],"wp:term":[{"taxonomy":"category","embeddable":true,"href":"https:\/\/www.encontrabrooklin.com.br\/sobre\/wp-json\/wp\/v2\/categories?post=29662"},{"taxonomy":"post_tag","embeddable":true,"href":"https:\/\/www.encontrabrooklin.com.br\/sobre\/wp-json\/wp\/v2\/tags?post=29662"}],"curies":[{"name":"wp","href":"https:\/\/api.w.org\/{rel}","templated":true}]}}