{"id":29686,"date":"2013-05-09T17:29:23","date_gmt":"2013-05-09T20:29:23","guid":{"rendered":"http:\/\/www.encontrabrooklin.com.br\/blog\/?p=29686"},"modified":"2019-04-29T16:53:59","modified_gmt":"2019-04-29T19:53:59","slug":"xiv-edicao-da-maifest-acontece-dias-25-e-26-de-maio-no-brooklin","status":"publish","type":"post","link":"https:\/\/www.encontrabrooklin.com.br\/sobre\/xiv-edicao-da-maifest-acontece-dias-25-e-26-de-maio-no-brooklin\/","title":{"rendered":"XIV edi\u00e7\u00e3o da MaiFest acontece dias 25 e 26 de maio no Brooklin"},"content":{"rendered":"<div class=\"20a438bb5a5dc2616716df02ed0c3553\" data-index=\"1\" style=\"float: left; margin: 15px 15px 15px 0;\">\n<!-- EBR \/Novo-Bairro\/ 300x250 - pub-85 -->\r\n<ins class=\"adsbygoogle\"\r\n     style=\"display:inline-block;width:300px;height:250px\"\r\n     data-ad-client=\"ca-pub-8585364105181520\"\r\n     data-ad-slot=\"4691134188\"><\/ins>\r\n<script>\r\n(adsbygoogle = window.adsbygoogle || []).push({});\r\n<\/script>\r\n\n<\/div>\n<p>Nos dias 25 e 26 de maio, das 10h \u00e0s 22h, acontece a XIV edi\u00e7\u00e3o da MaiFest, um evento multicultural realizado todos os anos pela AEMB &#8211; Associa\u00e7\u00e3o dos Empreendedores e Moradores do Brooklin, para celebrar a primavera alem\u00e3 no Brasil. O quadril\u00e1tero compreendido pelas Ruas Joaquim Nabuco, Bar\u00e3o do Triunfo, Princesa Isabel e Bernardino de Campos, ser\u00e1 tomado por mais de 200 atra\u00e7\u00f5es com v\u00e1rias tend\u00eancias est\u00e9ticas art\u00edsticas: dan\u00e7a, circo, teatro, performance, m\u00fasica MPB, m\u00fasica e dan\u00e7a folcl\u00f3rica alem\u00e3, m\u00fasica erudita e popular com orquestras e grupos musicais, fotografia, exposi\u00e7\u00f5es, m\u00fasica contempor\u00e2nea,&#8221;r\u00e1dio&#8221; do evento. Ter\u00e1 ainda cinema open air, artesanato de qualidade e gastronomia de diversas partes do Brasil e do mundo.<\/p>\n<p>Este ano o tema central da XIV MaiFest ser\u00e1: \u201cQuando Culturas se Encontram: Arte e Inclus\u00e3o Social\u201d. Para Ademar T\u00e1vora, Presidente da AEMB, a escolha deste tema reflete um pensamento focado na quest\u00e3o da cidadania. \u201cO que n\u00f3s prezamos muito em nossos eventos \u00e9 a quest\u00e3o da cidadania e neste sentido abrimos espa\u00e7o para o poder p\u00fablico, seja ele municipal, federal ou estadual exporem seus projetos para uma parcela da sociedade que n\u00e3o tem acesso. O nosso objetivo \u00e9 fazer essa integra\u00e7\u00e3o das pessoas com o poder p\u00fablico. Tamb\u00e9m temos certeza que \u00e9 poss\u00edvel levar a transforma\u00e7\u00e3o at\u00e9 o seio da sociedade atrav\u00e9s da arte em suas mais variadas formas de express\u00e3o\u201d.<\/p>\n<p>A programa\u00e7\u00e3o geral do evento no bairro do Brooklin \u00e9 multicultural, pois este ano acontece o ano da Alemanha no Brasil (maio 2013 a maio 2014), onde h\u00e1 um encontro das culturas alem\u00e3s e brasileiras. \u201cO espa\u00e7o da Rua Joaquim Nabuco ser\u00e1 multicultural. O folclore \u00e9 um elemento do espa\u00e7o e da multiculturalidade. N\u00f3s teremos neste espa\u00e7o, coral de escolas brasileiras e alem\u00e3s, dan\u00e7a contempor\u00e2nea, dan\u00e7a russa, dan\u00e7a folcl\u00f3rica alem\u00e3 circo, m\u00fasica, linguagem do palha\u00e7o, dan\u00e7as folcl\u00f3ricas da regi\u00e3o do Tirol (Alemanha, \u00c1ustria e It\u00e1lia). Haver\u00e1 tamb\u00e9m\u00a0uma sele\u00e7\u00e3o de filmes cl\u00e1ssicos do cinema alem\u00e3o\u00a0e filmes com\u00a0refer\u00eancias\u00a0\u00e0s\u00a0f\u00e1bulas infantis dos irm\u00e3os Grimm\u201d, ressalta o Coordenador Cultural da MaiFest, Luiz Delfino Cardia. Ele ainda destaca: \u201cApesar de ser um evento de bairro por estar localizado no Brooklin, ele j\u00e1 rompeu fronteiras, tem uma linguagem internacional e atualmente recebe um p\u00fablico que vem do sul especialmente para a festa. Tamb\u00e9m conseguimos conquistar o respeito da comunidade alem\u00e3 aqui em S\u00e3o Paulo, pois todas as grandes escolas da comunidade alem\u00e3 participam do nosso evento\u201d.<\/p>\n<p>A MaiFest\u00a0 faz parte do calend\u00e1rio oficial de eventos da Prefeitura da Cidade de S\u00e3o Paulo, do Governo do Estado de SP, da Secretaria de Estado da Cultura e do Consulado Geral da Rep\u00fablica Federal da Alemanha em S\u00e3o Paulo. O evento conta com o apoio da Prefeitura de S\u00e3o Paulo.<\/p>\n<p><b>Servi\u00e7o:<\/b><br \/>\nXIV MaiFest<br \/>\nLocal: Quadril\u00e1tero da rua Joaquim Nabuco, Bar\u00e3o do Triunfo, Princesa Isabel e Bernardino de Campos<br \/>\nHor\u00e1rio: das 10h \u00e0s 22h<br \/>\nMais informa\u00e7\u00f5es atrav\u00e9s do site aemb.org.br.<\/p>\n\n<div style=\"font-size: 0px; height: 0px; line-height: 0px; margin: 0; padding: 0; clear: both;\"><\/div>","protected":false},"excerpt":{"rendered":"<p>Nos dias 25 e 26 de maio, das 10h \u00e0s 22h, acontece a XIV edi\u00e7\u00e3o da MaiFest, um evento multicultural realizado todos os anos pela AEMB &#8211; Associa\u00e7\u00e3o dos Empreendedores e Moradores do Brooklin, para celebrar a primavera alem\u00e3 no Brasil. O quadril\u00e1tero compreendido pelas Ruas Joaquim Nabuco, Bar\u00e3o do Triunfo, Princesa Isabel e Bernardino de Campos, ser\u00e1 tomado por mais de 200 atra\u00e7\u00f5es com v\u00e1rias tend\u00eancias est\u00e9ticas art\u00edsticas: dan\u00e7a, circo, teatro, performance, m\u00fasica MPB, m\u00fasica e dan\u00e7a folcl\u00f3rica alem\u00e3, m\u00fasica erudita e popular com orquestras e grupos musicais, fotografia, exposi\u00e7\u00f5es, m\u00fasica contempor\u00e2nea,&#8221;r\u00e1dio&#8221; do evento. Ter\u00e1 ainda cinema open air, <\/p>\n","protected":false},"author":1,"featured_media":0,"comment_status":"open","ping_status":"closed","sticky":false,"template":"","format":"standard","meta":{"footnotes":""},"categories":[1],"tags":[4],"class_list":["post-29686","post","type-post","status-publish","format-standard","hentry","category-noticias-no-brooklin","tag-brooklin"],"aioseo_notices":[],"_links":{"self":[{"href":"https:\/\/www.encontrabrooklin.com.br\/sobre\/wp-json\/wp\/v2\/posts\/29686","targetHints":{"allow":["GET"]}}],"collection":[{"href":"https:\/\/www.encontrabrooklin.com.br\/sobre\/wp-json\/wp\/v2\/posts"}],"about":[{"href":"https:\/\/www.encontrabrooklin.com.br\/sobre\/wp-json\/wp\/v2\/types\/post"}],"author":[{"embeddable":true,"href":"https:\/\/www.encontrabrooklin.com.br\/sobre\/wp-json\/wp\/v2\/users\/1"}],"replies":[{"embeddable":true,"href":"https:\/\/www.encontrabrooklin.com.br\/sobre\/wp-json\/wp\/v2\/comments?post=29686"}],"version-history":[{"count":0,"href":"https:\/\/www.encontrabrooklin.com.br\/sobre\/wp-json\/wp\/v2\/posts\/29686\/revisions"}],"wp:attachment":[{"href":"https:\/\/www.encontrabrooklin.com.br\/sobre\/wp-json\/wp\/v2\/media?parent=29686"}],"wp:term":[{"taxonomy":"category","embeddable":true,"href":"https:\/\/www.encontrabrooklin.com.br\/sobre\/wp-json\/wp\/v2\/categories?post=29686"},{"taxonomy":"post_tag","embeddable":true,"href":"https:\/\/www.encontrabrooklin.com.br\/sobre\/wp-json\/wp\/v2\/tags?post=29686"}],"curies":[{"name":"wp","href":"https:\/\/api.w.org\/{rel}","templated":true}]}}