{"id":30354,"date":"2013-09-23T11:30:00","date_gmt":"2013-09-23T14:30:00","guid":{"rendered":"http:\/\/www.encontrabrooklin.com.br\/blog\/?p=30354"},"modified":"2019-04-29T16:53:59","modified_gmt":"2019-04-29T19:53:59","slug":"confira-a-programacao-do-cinemark-market-place-ate-2609","status":"publish","type":"post","link":"https:\/\/www.encontrabrooklin.com.br\/sobre\/confira-a-programacao-do-cinemark-market-place-ate-2609\/","title":{"rendered":"Confira a programa\u00e7\u00e3o do Cinemark Market Place at\u00e9 26\/09"},"content":{"rendered":"<div class=\"20a438bb5a5dc2616716df02ed0c3553\" data-index=\"1\" style=\"float: left; margin: 15px 15px 15px 0;\">\n<!-- EBR \/Novo-Bairro\/ 300x250 - pub-85 -->\r\n<ins class=\"adsbygoogle\"\r\n     style=\"display:inline-block;width:300px;height:250px\"\r\n     data-ad-client=\"ca-pub-8585364105181520\"\r\n     data-ad-slot=\"4691134188\"><\/ins>\r\n<script>\r\n(adsbygoogle = window.adsbygoogle || []).push({});\r\n<\/script>\r\n\n<\/div>\n<p>Confira a programa\u00e7\u00e3o do Cinemark Market Place at\u00e9 26\/09:<\/p>\n<p>&nbsp;<\/p>\n<p>&nbsp;<\/p>\n<p>&nbsp;<\/p>\n<p>&nbsp;<\/p>\n<p>&nbsp;<\/p>\n<p>&nbsp;<\/p>\n<p>&nbsp;<\/p>\n<p><strong>Sala 1<\/strong><br \/>\nOS ESTAGI\u00c1RIOS<br \/>\n2h 2min &#8211; 12 anos &#8211; Com\u00e9dia &#8211; Leg.<\/p>\n<p>14:50<br \/>\n17:40<br \/>\n20:20<\/p>\n<p><strong>Sala 2<\/strong><br \/>\nELYSIUM<br \/>\n1h 49min &#8211; 16 anos &#8211; Drama &#8211; Leg.<\/p>\n<p>14:00<br \/>\n16:30<br \/>\n19:00<br \/>\n21:30<\/p>\n<p><strong>Sala 3<\/strong><br \/>\nINVOCA\u00c7\u00c3O DO MAL<br \/>\n1h 52min &#8211; 14 anos &#8211; Terror &#8211; Leg.<\/p>\n<p>13:20<br \/>\n16:00<br \/>\n18:40<br \/>\n21:10<\/p>\n<p><strong>Sala 4<\/strong><br \/>\nAS BEM ARMADAS<br \/>\n1h 57min &#8211; 14 anos &#8211; Com\u00e9dia &#8211; Leg.<\/p>\n<p>13:00<\/p>\n<p>RUSH &#8211; NO LIMITE DA EMO\u00c7\u00c3O<br \/>\n2h 3min &#8211; 14 anos &#8211; Drama &#8211; Leg.<\/p>\n<p>15:40<br \/>\n21:20<\/p>\n<p>O ATAQUE<br \/>\n2h 11min &#8211; 14 anos &#8211; A\u00e7\u00e3o &#8211; Leg.<\/p>\n<p>18:20<\/p>\n<p><strong>Sala 5<\/strong><br \/>\nJOBS<br \/>\n2h 2min &#8211; 12 anos &#8211; Drama &#8211; Leg.<\/p>\n<p>13:30<\/p>\n<p>A FAM\u00cdLIA<br \/>\n1h 51min &#8211; 16 anos &#8211; Drama &#8211; Leg.<\/p>\n<p>16:40<br \/>\n19:20<br \/>\n22:00<\/p>\n<p><strong>Sala 6<\/strong><br \/>\nONE DIRECTION: THIS IS US<br \/>\n1h 32min &#8211; Livre &#8211; Document\u00e1rio &#8211; Leg. &#8211; 3D<\/p>\n<p>13:10<\/p>\n<p>AS BEM ARMADAS<br \/>\n1h 57min &#8211; 14 anos &#8211; Com\u00e9dia &#8211; Leg.<\/p>\n<p>15:20<br \/>\n18:00<br \/>\n20:40<\/p>\n<p><strong>Sala 7<\/strong><br \/>\nAVI\u00d5ES<br \/>\n1h 34min &#8211; Livre &#8211; Anima\u00e7\u00e3o &#8211; Dub.<\/p>\n<p>12:50<br \/>\n15:00<br \/>\n17:20<\/p>\n<p>JOBS<br \/>\n2h 2min &#8211; 12 anos &#8211; Drama &#8211; Leg.<\/p>\n<p>19:30<br \/>\n22:15<\/p>\n<p><strong>Sala 8<\/strong><br \/>\nAVI\u00d5ES<br \/>\n1h 34min &#8211; Livre &#8211; Anima\u00e7\u00e3o &#8211; Dub. &#8211; 3D<\/p>\n<p>13:50<br \/>\n16:10<\/p>\n<p><strong>Servi\u00e7o:<\/strong><\/p>\n<p><strong>Local:<\/strong> Cinemark Market Place<br \/>\n<strong>Endere\u00e7o:<\/strong> R. Dr. Chucri Zaidan, 902 &#8211; 1\u00ba andar. Brooklin<br \/>\n<strong>Informa\u00e7\u00f5es:<\/strong> (11) 3048-7405<\/p>\n<p><strong>Informa\u00e7\u00f5es adicionais:<\/strong><br \/>\n&#8211; Ar-condicionado.<br \/>\n&#8211; Acesso e assentos reservados a deficientes f\u00edsicos.<br \/>\n&#8211; Som Digital.<br \/>\n&#8211; Isolamento ac\u00fastico.<br \/>\n&#8211; Poltronas reclin\u00e1veis, com bra\u00e7os m\u00f3veis e suporte para copos.<br \/>\n&#8211; Lugares marcados.<br \/>\n&#8211; Snack Bar e Cine Caf\u00e9.<\/p>\n\n<div style=\"font-size: 0px; height: 0px; line-height: 0px; margin: 0; padding: 0; clear: both;\"><\/div>","protected":false},"excerpt":{"rendered":"<p>Confira a programa\u00e7\u00e3o do Cinemark Market Place at\u00e9 26\/09: &nbsp; &nbsp; &nbsp; &nbsp; &nbsp; &nbsp; &nbsp; Sala 1 OS ESTAGI\u00c1RIOS 2h 2min &#8211; 12 anos &#8211; Com\u00e9dia &#8211; Leg. 14:50 17:40 20:20 Sala 2 ELYSIUM 1h 49min &#8211; 16 anos &#8211; Drama &#8211; Leg. 14:00 16:30 19:00 21:30 Sala 3 INVOCA\u00c7\u00c3O DO MAL 1h 52min &#8211; 14 anos &#8211; Terror &#8211; Leg. 13:20 16:00 18:40 21:10 Sala 4 AS BEM ARMADAS 1h 57min &#8211; 14 anos &#8211; Com\u00e9dia &#8211; Leg. 13:00 RUSH &#8211; NO LIMITE DA EMO\u00c7\u00c3O 2h 3min &#8211; 14 anos &#8211; Drama &#8211; Leg. 15:40 21:20 O ATAQUE <\/p>\n","protected":false},"author":1,"featured_media":0,"comment_status":"open","ping_status":"closed","sticky":false,"template":"","format":"standard","meta":{"footnotes":""},"categories":[1],"tags":[],"class_list":["post-30354","post","type-post","status-publish","format-standard","hentry","category-noticias-no-brooklin"],"aioseo_notices":[],"_links":{"self":[{"href":"https:\/\/www.encontrabrooklin.com.br\/sobre\/wp-json\/wp\/v2\/posts\/30354","targetHints":{"allow":["GET"]}}],"collection":[{"href":"https:\/\/www.encontrabrooklin.com.br\/sobre\/wp-json\/wp\/v2\/posts"}],"about":[{"href":"https:\/\/www.encontrabrooklin.com.br\/sobre\/wp-json\/wp\/v2\/types\/post"}],"author":[{"embeddable":true,"href":"https:\/\/www.encontrabrooklin.com.br\/sobre\/wp-json\/wp\/v2\/users\/1"}],"replies":[{"embeddable":true,"href":"https:\/\/www.encontrabrooklin.com.br\/sobre\/wp-json\/wp\/v2\/comments?post=30354"}],"version-history":[{"count":0,"href":"https:\/\/www.encontrabrooklin.com.br\/sobre\/wp-json\/wp\/v2\/posts\/30354\/revisions"}],"wp:attachment":[{"href":"https:\/\/www.encontrabrooklin.com.br\/sobre\/wp-json\/wp\/v2\/media?parent=30354"}],"wp:term":[{"taxonomy":"category","embeddable":true,"href":"https:\/\/www.encontrabrooklin.com.br\/sobre\/wp-json\/wp\/v2\/categories?post=30354"},{"taxonomy":"post_tag","embeddable":true,"href":"https:\/\/www.encontrabrooklin.com.br\/sobre\/wp-json\/wp\/v2\/tags?post=30354"}],"curies":[{"name":"wp","href":"https:\/\/api.w.org\/{rel}","templated":true}]}}