{"id":37,"date":"2010-03-24T19:13:18","date_gmt":"2010-03-24T22:13:18","guid":{"rendered":"http:\/\/www.encontrabrooklin.com.br\/blog\/?p=37"},"modified":"2019-04-29T16:55:18","modified_gmt":"2019-04-29T19:55:18","slug":"escola-tecnica-sera-construida-no-brooklin","status":"publish","type":"post","link":"https:\/\/www.encontrabrooklin.com.br\/sobre\/escola-tecnica-sera-construida-no-brooklin\/","title":{"rendered":"Escola t\u00e9cnica ser\u00e1 constru\u00edda no Brooklin"},"content":{"rendered":"<div class=\"20a438bb5a5dc2616716df02ed0c3553\" data-index=\"1\" style=\"float: left; margin: 15px 15px 15px 0;\">\n<!-- EBR \/Novo-Bairro\/ 300x250 - pub-85 -->\r\n<ins class=\"adsbygoogle\"\r\n     style=\"display:inline-block;width:300px;height:250px\"\r\n     data-ad-client=\"ca-pub-8585364105181520\"\r\n     data-ad-slot=\"4691134188\"><\/ins>\r\n<script>\r\n(adsbygoogle = window.adsbygoogle || []).push({});\r\n<\/script>\r\n\n<\/div>\n<p>Uma nova escola t\u00e9cnica estadual ser\u00e1 constru\u00edda, no Brooklin, num terreno ao lado do pr\u00e9dio da TV Globo. Os alunos v\u00e3o contar com dois novos cursos profissionalizantes.<\/p>\n<p>Um projeto de forma\u00e7\u00e3o profissional tocado a quatro m\u00e3os. O conv\u00eanio para a implanta\u00e7\u00e3o da escola t\u00e9cnica voltada para a \u00e1rea de m\u00eddia eletr\u00f4nica foi assinado pelo governador Jos\u00e9 Serra, pela diretora superintendente do Centro Paula Souza, Laura Lagan\u00e1, pelo secret\u00e1rio-geral da Funda\u00e7\u00e3o Roberto Marinho, Hugo Barreto, e pelo presidente das organiza\u00e7\u00f5es Globo, Roberto Irineu Marinho.<\/p>\n<p>A escola ser\u00e1 constru\u00edda pela Globo em um terreno vizinho \u00e0 sede da TV, e que pertence ao governo do estado. A Globo tamb\u00e9m vai ficar respons\u00e1vel pelo projeto paisag\u00edstico, plantando \u00e1rvores nativas da mata Atl\u00e2ntica do estado de S\u00e3o Paulo.<\/p>\n<p>A estrutura redonda vai ter um est\u00fadio e um audit\u00f3rio no t\u00e9rreo. No andar de cima, seis salas de aula e quatro laborat\u00f3rios. O pr\u00e9dio tamb\u00e9m vai contar com biblioteca e um jardim interno ser\u00e1 doado ao governo do estado O Centro Paula Souza vai gerenciar os cursos.<\/p>\n<p>A escola t\u00e9cnica jornalista Roberto Marinho vai ficar pronta no fim do ano, e j\u00e1 em 2011 receber\u00e1 a primeira turma de estudantes.<\/p>\n<p>V\u00e3o ser oferecidos dois cursos t\u00e9cnicos: multim\u00eddia, com dura\u00e7\u00e3o de tr\u00eas semestres; e a produ\u00e7\u00e3o de \u00e1udio e v\u00eddeo, com quatro semestres.<\/p>\n<p>\u201c\u00c9 uma oportunidade e vem suprir uma necessidade que vai permitir o treinamento de m\u00e3o de obra especializada para esse setor da comunica\u00e7\u00e3o que tamb\u00e9m inclui ag\u00eancias de propaganda, produtoras. Acho que \u00e9 uma oportunidade \u00fanica e estamos muito felizes por isso\u201d, fala Oct\u00e1vio Florisbal, diretor-geral da TV Globo.<\/p>\n<p>Os candidatos ter\u00e3o que passar por uma prova seletiva. Inicialmente, est\u00e3o previstas 240 vagas, metade para cada curso. O ensino t\u00e9cnico \u00e9 um caminho importante para chegar ao mercado de trabalho.<\/p>\n<p>\u201cA garotada que estuda, de cada cinco, quatro conseguem emprego logo depois que se formam e melhoram tamb\u00e9m a sua produtividade o seu rendimento no ensino m\u00e9dio, porque passam a ver mais sentido naquilo que est\u00e3o estudando\u201d, fala Jos\u00e9 Serra, governador de S\u00e3o Paulo.<\/p>\n<p>Quando estiver funcionando plenamente, a escola vai poder receber at\u00e9 480 alunos.<\/p>\n<p><em>Fonte: Globo.com<\/em><\/p>\n\n<div style=\"font-size: 0px; height: 0px; line-height: 0px; margin: 0; padding: 0; clear: both;\"><\/div>","protected":false},"excerpt":{"rendered":"<p>Uma nova escola t\u00e9cnica estadual ser\u00e1 constru\u00edda, no Brooklin, num terreno ao lado do pr\u00e9dio da TV Globo. Os alunos v\u00e3o contar com dois novos cursos profissionalizantes. Um projeto de forma\u00e7\u00e3o profissional tocado a quatro m\u00e3os. O conv\u00eanio para a implanta\u00e7\u00e3o da escola t\u00e9cnica voltada para a \u00e1rea de m\u00eddia eletr\u00f4nica foi assinado pelo governador Jos\u00e9 Serra, pela diretora superintendente do Centro Paula Souza, Laura Lagan\u00e1, pelo secret\u00e1rio-geral da Funda\u00e7\u00e3o Roberto Marinho, Hugo Barreto, e pelo presidente das organiza\u00e7\u00f5es Globo, Roberto Irineu Marinho. A escola ser\u00e1 constru\u00edda pela Globo em um terreno vizinho \u00e0 sede da TV, e que pertence <\/p>\n","protected":false},"author":1,"featured_media":0,"comment_status":"open","ping_status":"closed","sticky":false,"template":"","format":"standard","meta":{"footnotes":""},"categories":[1],"tags":[4],"class_list":["post-37","post","type-post","status-publish","format-standard","hentry","category-noticias-no-brooklin","tag-brooklin"],"aioseo_notices":[],"_links":{"self":[{"href":"https:\/\/www.encontrabrooklin.com.br\/sobre\/wp-json\/wp\/v2\/posts\/37","targetHints":{"allow":["GET"]}}],"collection":[{"href":"https:\/\/www.encontrabrooklin.com.br\/sobre\/wp-json\/wp\/v2\/posts"}],"about":[{"href":"https:\/\/www.encontrabrooklin.com.br\/sobre\/wp-json\/wp\/v2\/types\/post"}],"author":[{"embeddable":true,"href":"https:\/\/www.encontrabrooklin.com.br\/sobre\/wp-json\/wp\/v2\/users\/1"}],"replies":[{"embeddable":true,"href":"https:\/\/www.encontrabrooklin.com.br\/sobre\/wp-json\/wp\/v2\/comments?post=37"}],"version-history":[{"count":0,"href":"https:\/\/www.encontrabrooklin.com.br\/sobre\/wp-json\/wp\/v2\/posts\/37\/revisions"}],"wp:attachment":[{"href":"https:\/\/www.encontrabrooklin.com.br\/sobre\/wp-json\/wp\/v2\/media?parent=37"}],"wp:term":[{"taxonomy":"category","embeddable":true,"href":"https:\/\/www.encontrabrooklin.com.br\/sobre\/wp-json\/wp\/v2\/categories?post=37"},{"taxonomy":"post_tag","embeddable":true,"href":"https:\/\/www.encontrabrooklin.com.br\/sobre\/wp-json\/wp\/v2\/tags?post=37"}],"curies":[{"name":"wp","href":"https:\/\/api.w.org\/{rel}","templated":true}]}}