{"id":97,"date":"2010-08-27T18:49:34","date_gmt":"2010-08-27T21:49:34","guid":{"rendered":"http:\/\/www.encontrabrooklin.com.br\/blog\/?p=97"},"modified":"2019-04-29T16:55:18","modified_gmt":"2019-04-29T19:55:18","slug":"incendio-atinge-favela-na-regiao-do-brooklin","status":"publish","type":"post","link":"https:\/\/www.encontrabrooklin.com.br\/sobre\/incendio-atinge-favela-na-regiao-do-brooklin\/","title":{"rendered":"Inc\u00eandio atinge favela na regi\u00e3o do Brooklin"},"content":{"rendered":"<div class=\"20a438bb5a5dc2616716df02ed0c3553\" data-index=\"1\" style=\"float: left; margin: 15px 15px 15px 0;\">\n<!-- EBR \/Novo-Bairro\/ 300x250 - pub-85 -->\r\n<ins class=\"adsbygoogle\"\r\n     style=\"display:inline-block;width:300px;height:250px\"\r\n     data-ad-client=\"ca-pub-8585364105181520\"\r\n     data-ad-slot=\"4691134188\"><\/ins>\r\n<script>\r\n(adsbygoogle = window.adsbygoogle || []).push({});\r\n<\/script>\r\n\n<\/div>\n<p>Um inc\u00eandio na favela do Zoi\u00e3o, pr\u00f3xima \u00e0 avenida Roberto Marinho (zona sul de SP), mobilizou na tarde de ontem 15 carros de bombeiros e destruiu dezenas de barracos.<\/p>\n<p>Outros dois inc\u00eandios ocorreram na capital ontem: um na favela Rocinha, tamb\u00e9m no Brooklin, e o outro no canteiro da marginal Pinheiros, na altura da ponte do Morumbi (zona oeste).<\/p>\n<p>O tempo seco registrado nos \u00faltimos dias na capital aumenta o risco de propaga\u00e7\u00e3o do fogo.<\/p>\n<p><em>Fonte: Agora S\u00e3o Paulo<\/em><\/p>\n\n<div style=\"font-size: 0px; height: 0px; line-height: 0px; margin: 0; padding: 0; clear: both;\"><\/div>","protected":false},"excerpt":{"rendered":"<p>Um inc\u00eandio na favela do Zoi\u00e3o, pr\u00f3xima \u00e0 avenida Roberto Marinho (zona sul de SP), mobilizou na tarde de ontem 15 carros de bombeiros e destruiu dezenas de barracos. Outros dois inc\u00eandios ocorreram na capital ontem: um na favela Rocinha, tamb\u00e9m no Brooklin, e o outro no canteiro da marginal Pinheiros, na altura da ponte do Morumbi (zona oeste). O tempo seco registrado nos \u00faltimos dias na capital aumenta o risco de propaga\u00e7\u00e3o do fogo. Fonte: Agora S\u00e3o Paulo<\/p>\n","protected":false},"author":1,"featured_media":0,"comment_status":"open","ping_status":"closed","sticky":false,"template":"","format":"standard","meta":{"footnotes":""},"categories":[1],"tags":[4],"class_list":["post-97","post","type-post","status-publish","format-standard","hentry","category-noticias-no-brooklin","tag-brooklin"],"aioseo_notices":[],"_links":{"self":[{"href":"https:\/\/www.encontrabrooklin.com.br\/sobre\/wp-json\/wp\/v2\/posts\/97","targetHints":{"allow":["GET"]}}],"collection":[{"href":"https:\/\/www.encontrabrooklin.com.br\/sobre\/wp-json\/wp\/v2\/posts"}],"about":[{"href":"https:\/\/www.encontrabrooklin.com.br\/sobre\/wp-json\/wp\/v2\/types\/post"}],"author":[{"embeddable":true,"href":"https:\/\/www.encontrabrooklin.com.br\/sobre\/wp-json\/wp\/v2\/users\/1"}],"replies":[{"embeddable":true,"href":"https:\/\/www.encontrabrooklin.com.br\/sobre\/wp-json\/wp\/v2\/comments?post=97"}],"version-history":[{"count":0,"href":"https:\/\/www.encontrabrooklin.com.br\/sobre\/wp-json\/wp\/v2\/posts\/97\/revisions"}],"wp:attachment":[{"href":"https:\/\/www.encontrabrooklin.com.br\/sobre\/wp-json\/wp\/v2\/media?parent=97"}],"wp:term":[{"taxonomy":"category","embeddable":true,"href":"https:\/\/www.encontrabrooklin.com.br\/sobre\/wp-json\/wp\/v2\/categories?post=97"},{"taxonomy":"post_tag","embeddable":true,"href":"https:\/\/www.encontrabrooklin.com.br\/sobre\/wp-json\/wp\/v2\/tags?post=97"}],"curies":[{"name":"wp","href":"https:\/\/api.w.org\/{rel}","templated":true}]}}